{"id":1914,"date":"2015-11-12T20:42:35","date_gmt":"2015-11-12T18:42:35","guid":{"rendered":"http:\/\/dulsky.at\/?p=1914"},"modified":"2016-01-12T20:50:53","modified_gmt":"2016-01-12T18:50:53","slug":"tournee-2015-costa-rica-pura-vida","status":"publish","type":"post","link":"http:\/\/dulsky.at\/?p=1914","title":{"rendered":"Tournee 2015 &#8222;Costa Rica, pura vida&#8220;"},"content":{"rendered":"<div class=\"twoclick_social_bookmarks_post_1914 social_share_privacy clearfix 1.6.4 locale-de_DE sprite-de_DE\"><\/div><div class=\"twoclick-js\"><script type=\"text\/javascript\">\/* <![CDATA[ *\/\njQuery(document).ready(function($){if($('.twoclick_social_bookmarks_post_1914')){$('.twoclick_social_bookmarks_post_1914').socialSharePrivacy({\"services\":{\"facebook\":{\"status\":\"on\",\"txt_info\":\"2 Klicks f\\u00fcr mehr Datenschutz: Erst wenn Sie hier klicken, wird der Button aktiv und Sie k\\u00f6nnen Ihre Empfehlung an Facebook senden. Schon beim Aktivieren werden Daten an Dritte \\u00fcbertragen - siehe <em>i<\\\/em>.\",\"perma_option\":\"off\",\"action\":\"like\",\"language\":\"de_DE\"},\"twitter\":{\"reply_to\":\"\",\"tweet_text\":\"Tournee%202015%20%E2%80%9ECosta%20Rica%2C%20pura%20vida%E2%80%9C%20%C2%BB%20J%C3%B6rg%20Dulsky\",\"status\":\"on\",\"txt_info\":\"2 Klicks f\\u00fcr mehr Datenschutz: Erst wenn Sie hier klicken, wird der Button aktiv und Sie k\\u00f6nnen Ihre Empfehlung an Twitter senden. Schon beim Aktivieren werden Daten an Dritte \\u00fcbertragen - siehe <em>i<\\\/em>.\",\"perma_option\":\"off\",\"language\":\"de\",\"referrer_track\":\"\"},\"gplus\":{\"status\":\"on\",\"txt_info\":\"2 Klicks f\\u00fcr mehr Datenschutz: Erst wenn Sie hier klicken, wird der Button aktiv und Sie k\\u00f6nnen Ihre Empfehlung an Google+ senden. Schon beim Aktivieren werden Daten an Dritte \\u00fcbertragen - siehe <em>i<\\\/em>.\",\"perma_option\":\"off\",\"referrer_track\":\"\"}},\"txt_help\":\"Wenn Sie diese Felder durch einen Klick aktivieren, werden Informationen an Facebook, Twitter, Flattr, Xing, t3n, LinkedIn, Pinterest oder Google eventuell ins Ausland \\u00fcbertragen und unter Umst\\u00e4nden auch dort gespeichert. N\\u00e4heres erfahren Sie durch einen Klick auf das <em>i<\\\/em>.\",\"settings_perma\":\"Dauerhaft aktivieren und Daten\\u00fcber-tragung zustimmen:\",\"info_link\":\"http:\\\/\\\/www.heise.de\\\/ct\\\/artikel\\\/2-Klicks-fuer-mehr-Datenschutz-1333879.html\",\"uri\":\"http:\\\/\\\/dulsky.at\\\/?p=1914\",\"post_id\":1914,\"post_title_referrer_track\":\"Tournee+2015+%26%238222%3BCosta+Rica%2C+pura+vida%26%238220%3B\",\"display_infobox\":\"on\"});}});\n\/* ]]> *\/<\/script><\/div><pre>Ein gro\u00dfes Dankesch\u00f6n an alle meine Besucher, welche im Rahmen meiner Steiermark-Tournee mit mir in die Karibik reisten und mit mir das eine oder andere anregende Gespr\u00e4ch f\u00fchrte. Es war sch\u00f6n, bis zum n\u00e4chsten mal.<\/pre>\n<p><a href=\"http:\/\/dulsky.at\/wp-content\/uploads\/2016\/01\/Costa.Rica_.Postkarte_Flyer.A6.VORN_.Druck_.jpg\"><img loading=\"lazy\" decoding=\"async\" class=\"aligncenter size-full wp-image-1916\" src=\"http:\/\/dulsky.at\/wp-content\/uploads\/2016\/01\/Costa.Rica_.Postkarte_Flyer.A6.VORN_.Druck_.jpg\" alt=\"Costa.Rica.Postkarte_Flyer.A6.VORN.Druck\" width=\"647\" height=\"913\" srcset=\"http:\/\/dulsky.at\/wp-content\/uploads\/2016\/01\/Costa.Rica_.Postkarte_Flyer.A6.VORN_.Druck_.jpg 647w, http:\/\/dulsky.at\/wp-content\/uploads\/2016\/01\/Costa.Rica_.Postkarte_Flyer.A6.VORN_.Druck_-213x300.jpg 213w\" sizes=\"(max-width: 647px) 100vw, 647px\" \/><\/a><\/p>\n<figure id=\"attachment_1170\" aria-describedby=\"caption-attachment-1170\" style=\"width: 666px\" class=\"wp-caption aligncenter\"><a href=\"http:\/\/dulsky.at\/wp-content\/uploads\/2014\/03\/Costa.Rica_.Postkarte_Flyer.A6.R\u00dcCK.Druck_.jpg\"><img loading=\"lazy\" decoding=\"async\" class=\"size-full wp-image-1170\" src=\"http:\/\/dulsky.at\/wp-content\/uploads\/2014\/03\/Costa.Rica_.Postkarte_Flyer.A6.R\u00dcCK.Druck_.jpg\" alt=\"weitere Termin\" width=\"666\" height=\"903\" srcset=\"http:\/\/dulsky.at\/wp-content\/uploads\/2014\/03\/Costa.Rica_.Postkarte_Flyer.A6.R\u00dcCK.Druck_.jpg 666w, http:\/\/dulsky.at\/wp-content\/uploads\/2014\/03\/Costa.Rica_.Postkarte_Flyer.A6.R\u00dcCK.Druck_-221x300.jpg 221w\" sizes=\"(max-width: 666px) 100vw, 666px\" \/><\/a><figcaption id=\"caption-attachment-1170\" class=\"wp-caption-text\">weitere Termin<\/figcaption><\/figure>\n","protected":false},"excerpt":{"rendered":"<p>Ein gro\u00dfes Dankesch\u00f6n an alle meine Besucher, welche im Rahmen meiner Steiermark-Tournee mit mir in die Karibik reisten und mit mir das eine oder andere anregende Gespr\u00e4ch f\u00fchrte. Es war sch\u00f6n, bis zum n\u00e4chsten mal.<\/p>\n","protected":false},"author":1,"featured_media":0,"comment_status":"closed","ping_status":"closed","sticky":false,"template":"","format":"standard","meta":{"ngg_post_thumbnail":0,"jetpack_post_was_ever_published":false,"_jetpack_newsletter_access":"","_jetpack_newsletter_tier_id":0,"footnotes":"","jetpack_publicize_message":"","jetpack_is_tweetstorm":false,"jetpack_publicize_feature_enabled":true,"jetpack_social_post_already_shared":false,"jetpack_social_options":{"image_generator_settings":{"template":"highway","enabled":false}}},"categories":[1],"tags":[],"jetpack_publicize_connections":[],"jetpack_featured_media_url":"","jetpack_sharing_enabled":true,"jetpack_shortlink":"https:\/\/wp.me\/pa3HDL-uS","_links":{"self":[{"href":"http:\/\/dulsky.at\/index.php?rest_route=\/wp\/v2\/posts\/1914"}],"collection":[{"href":"http:\/\/dulsky.at\/index.php?rest_route=\/wp\/v2\/posts"}],"about":[{"href":"http:\/\/dulsky.at\/index.php?rest_route=\/wp\/v2\/types\/post"}],"author":[{"embeddable":true,"href":"http:\/\/dulsky.at\/index.php?rest_route=\/wp\/v2\/users\/1"}],"replies":[{"embeddable":true,"href":"http:\/\/dulsky.at\/index.php?rest_route=%2Fwp%2Fv2%2Fcomments&post=1914"}],"version-history":[{"count":2,"href":"http:\/\/dulsky.at\/index.php?rest_route=\/wp\/v2\/posts\/1914\/revisions"}],"predecessor-version":[{"id":1918,"href":"http:\/\/dulsky.at\/index.php?rest_route=\/wp\/v2\/posts\/1914\/revisions\/1918"}],"wp:attachment":[{"href":"http:\/\/dulsky.at\/index.php?rest_route=%2Fwp%2Fv2%2Fmedia&parent=1914"}],"wp:term":[{"taxonomy":"category","embeddable":true,"href":"http:\/\/dulsky.at\/index.php?rest_route=%2Fwp%2Fv2%2Fcategories&post=1914"},{"taxonomy":"post_tag","embeddable":true,"href":"http:\/\/dulsky.at\/index.php?rest_route=%2Fwp%2Fv2%2Ftags&post=1914"}],"curies":[{"name":"wp","href":"https:\/\/api.w.org\/{rel}","templated":true}]}}